{"id":257,"date":"2019-08-28T22:20:40","date_gmt":"2019-08-28T20:20:40","guid":{"rendered":"http:\/\/caussou.fr\/?p=257"},"modified":"2021-02-15T10:21:17","modified_gmt":"2021-02-15T09:21:17","slug":"geographie-et-legendes","status":"publish","type":"post","link":"https:\/\/caussou.fr\/index.php\/2019\/08\/28\/geographie-et-legendes\/","title":{"rendered":"G\u00e9ographie et l\u00e9gendes"},"content":{"rendered":"<p>La commune de Caussou s\u2019\u00e9tend sur pr\u00e8s de 1600 hectares. Situ\u00e9e au nord-est du canton des Cabannes, elle est entour\u00e9e par les communes de Bestiac, Prades, Ignaux, Vaychis, Tignac et Unac. Son pourtour est d\u2019environ 15 kilom\u00e8tres.<\/p>\n<p>Reposant sur les terrains primaires du massif du Saint Barth\u00e9l\u00e9my, le territoire de Caussou est enti\u00e8rement form\u00e9 par le haut bassin du ruisseau de Caussou qui prend sa source au col de Marmare, arrose la partie sud de la commune et auquel un affluent, le ruisseau de Fabre, apporte les eaux de la partie nord.<\/p>\n<p>Une \u00e9norme ceinture rocheuse entoure ce vaste bassin, n\u2019offrant d\u2019issue qu\u2019au sud-ouest, \u00e0 l\u2019\u00e9tranglement de Bestiac.<\/p>\n<p>Au-dessus de Savenac, hameau de la commune de Caussou situ\u00e9 \u00e0 830 m\u00e8tres d\u2019altitude, l\u2019ar\u00eate rocheuse se dresse brusquement pour atteindre 1260 m\u00e8tres au pic de la Teste et s\u2019\u00e9lever jusqu\u2019\u00e0 1931 m\u00e8tres au signal de Caussou, au nord, point culminant de la commune.<\/p>\n<p>A l\u2019est, la cr\u00eate s\u2019abaisse progressivement jusqu\u2019\u00e0 1486 m\u00e8tres, au col de Marmare, pour se relever ensuite au pic du Drazet (1587 m\u00e8tres) et au signal du Chioula (1507 m\u00e8tres).<\/p>\n<p>Le village de Caussou est situ\u00e9, quant \u00e0 lui, \u00e0 850 m\u00e8tres d\u2019altitude.<\/p>\n<p>Des anciens du village, aujourd\u2019hui disparus, attestaient tenir de leurs a\u00efeuls que les deux cours d\u2019eau arrosant le village avaient occasionn\u00e9 de terribles ravages. Une crue aurait ainsi emport\u00e9, au XVII \u00e8 si\u00e8cle, le bas du village, la moiti\u00e9 du cimeti\u00e8re et l\u2019\u00e9glise qui se trouvait alors dans le bas-fond. Ces intemp\u00e9ries durent \u00eatre particuli\u00e8rement graves car les archives de Luzenac r\u00e9v\u00e8lent que furent emport\u00e9s \u00e0 cette occasion&nbsp;: le pont qui se trouvait sur le ruisseau de Labail, une douzaine de maisons et une forge \u00e0 la catalane. Plus tard, en construisant la ligne de chemin de fer de Tarascon \u00e0 Ax, des ouvriers trouv\u00e8rent les assises d\u2019un pont et de nombreux outils de forgeron ensevelis sous la vase.<\/p>\n<p>De m\u00eame, la l\u00e9gende veut qu\u2019aux jours sombres de la R\u00e9volution, quelques jeunes gens de Caussou, sous l\u2019effet de l\u2019alcool, all\u00e8rent chercher dans l\u2019\u00e9glise la statue de la Vierge et partirent la plonger dans le ruisseau en criant&nbsp;: \u00ab&nbsp;Bois de l\u2019eau pendant que nous buvons du vin&nbsp;!&nbsp;\u00bb. Quelques temps apr\u00e8s, des trombes d\u2019eau s\u2019abattirent sur la contr\u00e9e et creus\u00e8rent les grands ravins du rec de Guillam, de Soulages et Vermaous. Certains voulurent voir l\u00e0 le ch\u00e2timent de Dieu et l\u2019on dit que les jeunes auteurs de ce sacril\u00e8ge moururent de mort violente ou de remords\u2026<\/p>\n<p><strong>&nbsp;<\/strong><em>Extrait du livre de Maurice Calmein,&nbsp;Caussou, Bestiac et le massif du St Barth\u00e9l\u00e9my, Ed. Lacour 2006.<\/em><\/p>\n","protected":false},"excerpt":{"rendered":"<p>La commune de Caussou s\u2019\u00e9tend sur pr\u00e8s de 1600 hectares. Situ\u00e9e au nord-est du canton des Cabannes, elle est entour\u00e9e [&hellip;]<\/p>\n","protected":false},"author":1,"featured_media":0,"comment_status":"closed","ping_status":"closed","sticky":false,"template":"","format":"standard","meta":{"footnotes":""},"categories":[5],"tags":[11,12],"_links":{"self":[{"href":"https:\/\/caussou.fr\/index.php\/wp-json\/wp\/v2\/posts\/257"}],"collection":[{"href":"https:\/\/caussou.fr\/index.php\/wp-json\/wp\/v2\/posts"}],"about":[{"href":"https:\/\/caussou.fr\/index.php\/wp-json\/wp\/v2\/types\/post"}],"author":[{"embeddable":true,"href":"https:\/\/caussou.fr\/index.php\/wp-json\/wp\/v2\/users\/1"}],"replies":[{"embeddable":true,"href":"https:\/\/caussou.fr\/index.php\/wp-json\/wp\/v2\/comments?post=257"}],"version-history":[{"count":2,"href":"https:\/\/caussou.fr\/index.php\/wp-json\/wp\/v2\/posts\/257\/revisions"}],"predecessor-version":[{"id":259,"href":"https:\/\/caussou.fr\/index.php\/wp-json\/wp\/v2\/posts\/257\/revisions\/259"}],"wp:attachment":[{"href":"https:\/\/caussou.fr\/index.php\/wp-json\/wp\/v2\/media?parent=257"}],"wp:term":[{"taxonomy":"category","embeddable":true,"href":"https:\/\/caussou.fr\/index.php\/wp-json\/wp\/v2\/categories?post=257"},{"taxonomy":"post_tag","embeddable":true,"href":"https:\/\/caussou.fr\/index.php\/wp-json\/wp\/v2\/tags?post=257"}],"curies":[{"name":"wp","href":"https:\/\/api.w.org\/{rel}","templated":true}]}}